{"id":6392,"date":"2015-04-23T16:27:23","date_gmt":"2015-04-23T14:27:23","guid":{"rendered":"http:\/\/www.chile-reise.com\/?p=6392"},"modified":"2019-01-31T20:56:00","modified_gmt":"2019-01-31T18:56:00","slug":"ausbruch-des-vulkancalbuco","status":"publish","type":"post","link":"https:\/\/www.chile-reise.com\/de\/ausbruch-des-vulkancalbuco\/","title":{"rendered":"Ausbruch des Vulkan Calbuco"},"content":{"rendered":"<style type='text\/css'>\r\n            #gallery-1 {\r\n                margin: auto;\r\n            }\r\n            #gallery-1 .gallery-item {\r\n                float: left;\r\n                margin-top: 10px;\r\n                text-align: center;\r\n                width: 33%;           }\r\n            #gallery-1 img {\r\n                border: 2px solid #cfcfcf;\r\n            }\r\n            #gallery-1 .gallery-caption {\r\n                margin-left: 0;\r\n            }\r\n        <\/style>\r\n        <!-- see gallery_shortcode() in wp-includes\/media.php -->\r\n        <div id='gallery-1' class='gallery-images gallery galleryid-6392'><dl class='gallery-item'>\r\n            <dt class='gallery-icon'>\r\n                <a href='https:\/\/www.chile-reise.com\/wp-content\/uploads\/Erupci\u00f3n-Calbuco_by-Luis-Pizarro.jpg'><img loading=\"lazy\" decoding=\"async\" width=\"240\" height=\"140\" src=\"https:\/\/www.chile-reise.com\/wp-content\/uploads\/Erupci\u00f3n-Calbuco_by-Luis-Pizarro-240x140.jpg\" class=\"attachment-thumbnail size-thumbnail\" alt=\"Erupci\u00f3n Calbuco by Luis Pizarro\" \/><\/a>\r\n            <\/dt>\r\n                <dd class='gallery-caption'>\r\n                Eruption of the Calbuco Volcano at April 22nd, 2015, 6pm\r\n                <\/dd><\/dl><dl class='gallery-item'>\r\n            <dt class='gallery-icon'>\r\n                <a href='https:\/\/www.chile-reise.com\/wp-content\/uploads\/Erupcion-Calbuco_by-Hector-Arroyo.jpg'><img loading=\"lazy\" decoding=\"async\" width=\"240\" height=\"140\" src=\"https:\/\/www.chile-reise.com\/wp-content\/uploads\/Erupcion-Calbuco_by-Hector-Arroyo-240x140.jpg\" class=\"attachment-thumbnail size-thumbnail\" alt=\"Erupcion Calbuco by Hector Arroyo\" \/><\/a>\r\n            <\/dt>\r\n                <dd class='gallery-caption'>\r\n                Eruption of the Calbuco Volcano at April 22nd, 2015, 6pm\r\n                <\/dd><\/dl><dl class='gallery-item'>\r\n            <dt class='gallery-icon'>\r\n                <a href='https:\/\/www.chile-reise.com\/wp-content\/uploads\/Erupcion-Calbuco_by-susana-Arroyo.jpg'><img loading=\"lazy\" decoding=\"async\" width=\"240\" height=\"140\" src=\"https:\/\/www.chile-reise.com\/wp-content\/uploads\/Erupcion-Calbuco_by-susana-Arroyo-240x140.jpg\" class=\"attachment-thumbnail size-thumbnail\" alt=\"Erupcion Calbuco by susana Arroyo\" \/><\/a>\r\n            <\/dt>\r\n                <dd class='gallery-caption'>\r\n                In the early morning hours of April 23rd, 2015, there was a second eruption, including lava.\r\n                <\/dd><\/dl><br style=\"clear: both\" \/>\r\n            <br style='clear: both;' \/>\r\n        <\/div>\n\n<div class=\"clear\"><\/div><div class=\"divider\"><\/div>\n<p>Am Mittwoch, dem 22.04.2015, ist um 18:00 Uhr Ortszeit \u00fcberraschend der Vulkan Calbuco in der s\u00fcdchilenischen Seenregion <a href=\"https:\/\/www.spiegel.de\/fotostrecke\/vulkan-calbuco-in-chile-stoesst-rauch-und-asche-aus-fotos-fotostrecke-125939-6.html\" target=\"_blank\">ausgebrochen<\/a>. Nachdem dieser Ausbruch zun\u00e4chst eine <a href=\"https:\/\/l.facebook.com\/l.php?u=http%3A%2F%2Fwww.t13.cl%2Fvideos%2Fnacional%2Fimpresionate-explosion-del-volcan-calbucoi&amp;h=NAQEBHNNo&amp;enc=AZN-ApEj6nMOx4zw5H4XbvezqLiKbob24VLisdV9Rvc-o1IUvoa16MaQI6kCUZXT1BAunGaGFQ7Lmahxu7r58hQ5_05unUE2GoKA8f_KtyOUfBNYBtswT7wiMDq60j2VbQUOBaR82UxnITQL4h7Jk__gpatUBRgmp2c9sZ9nIJZNRyFaTTOEQxk_nZHhz8lGzwTp2mdiGjXNkA3yEsIlYq6b&amp;s=1\" target=\"_blank\">hohe Aschewolke<\/a> zutage f\u00f6rderte, ereignete sich in den fr\u00fchen Morgenstunden des 23.04.2015 ein weiterer Ausbruch, bei dem auch Lava austrat. Momentan wird abnehmende vulkanische Aktivit\u00e4t gemessen, es steht jedoch eine bisher 11 km hohe Aschewolke \u00fcber dem Vulkan.<\/p>\n<p>Personensch\u00e4den und gr\u00f6\u03b2ere Sch\u00e4den an der Infrastruktur der Region sind bisher nicht gemeldet worden, eine Person wird vermisst. Aus Sicherheitsgr\u00fcnden wurden die Ortschaften im Umkreis von 20 km um den Vulkan evakuiert, und die nationale Katastrophenschutzbeh\u00f6rde hat die Alarmstufe \u201crot\u201d f\u00fcr die Provinz Llanquihue ausgerufen. Alle Fl\u00fcge nach Puerto Montt sind bis auf Weiteres ebenfalls aus Sicherheitsgr\u00fcnden gestrichen.<\/p>\n<p>Momentan sind keine travelArt-Kunden betroffen. Jedoch k\u00f6nnen wir auf Grund des Status \u201cAlarmstufe rot\u201d bis auf weiteres keine Reisen in die Seenregion (Puerto Varas und Umgebung) durchf\u00fchren. Die St\u00e4dte Puerto Varas und Puerto Montt sind von der Evakuierung nicht betroffen, jedoch geht im Fall solcher Naturgewalten die Sicherheit vor. Ihre travelArt Ansprechpartnerin wird Sie \u00fcber m\u00f6gliche Touralternativen informieren.<\/p>\n<p>Von der sehr hohen Aschewolke k\u00f6nnen auch weiter entfernt gelegene touristische Ortschaften in Chile und Argentinien von eventuellen Ascheniederschl\u00e4gen betroffen sein, so z.B. Bariloche und Umgebung in Argentinien sowie Puc\u00f3n und die Umgebung von Huilo Huilo in der n\u00f6rdlichen Seenregion.<\/p>\n<p>Derzeit wird ein \u00dcberflug eines Expertenteams \u00fcber den Vulkan durchgef\u00fchrt, um ein klareres Bild der Lage zu erhalten. Wir sind in st\u00e4ndigem Kontakt mit unseren Partnern in der Region und \u00fcberwachen st\u00fcndlich die Meldungen der chilenischen Katastrophenschutzbeh\u00f6rde und des Nationalen Geologischen Dienstes, um Sie auf dem Laufenden zu halten.<\/p>\n<p><img loading=\"lazy\" decoding=\"async\" class=\"aligncenter wp-image-6401 size-full\" src=\"https:\/\/www.chile-reise.com\/wp-content\/uploads\/Calbuco-Mapa-2015.jpg\" alt=\"Calbuco Mapa 2015\" width=\"700\" height=\"648\" srcset=\"https:\/\/www.chile-reise.com\/wp-content\/uploads\/Calbuco-Mapa-2015.jpg 700w, https:\/\/www.chile-reise.com\/wp-content\/uploads\/Calbuco-Mapa-2015-356x330.jpg 356w\" sizes=\"auto, (max-width: 700px) 100vw, 700px\" \/>","protected":false},"excerpt":{"rendered":"<p>Am Mittwoch, dem 22.04.2015, ist um 18:00 Uhr Ortszeit \u00fcberraschend der Vulkan Calbuco in der s\u00fcdchilenischen Seenregion ausgebrochen. Nachdem dieser Ausbruch zun\u00e4chst eine hohe Aschewolke zutage f\u00f6rderte, ereignete sich in den fr\u00fchen Morgenstunden des 23.04.2015 ein weiterer Ausbruch, bei dem &#8230;<\/p>\n","protected":false},"author":3,"featured_media":6395,"comment_status":"open","ping_status":"closed","sticky":false,"template":"","format":"standard","meta":{"slim_seo":{"title":"[:de]Ausbruch des Vulkan Calbuco[:en]Eruption of the Calbuco Volcano[:] - travelArt","description":"[:de] Eruption of the Calbuco Volcano at April 22nd, 2015, 6pm Eruption of the Calbuco Volcano at April 22nd, 2015, 6pm In the early morning hours of April 23rd"},"footnotes":""},"categories":[15],"tags":[],"class_list":["post-6392","post","type-post","status-publish","format-standard","has-post-thumbnail","hentry","category-newsletter"],"_links":{"self":[{"href":"https:\/\/www.chile-reise.com\/de\/wp-json\/wp\/v2\/posts\/6392","targetHints":{"allow":["GET"]}}],"collection":[{"href":"https:\/\/www.chile-reise.com\/de\/wp-json\/wp\/v2\/posts"}],"about":[{"href":"https:\/\/www.chile-reise.com\/de\/wp-json\/wp\/v2\/types\/post"}],"author":[{"embeddable":true,"href":"https:\/\/www.chile-reise.com\/de\/wp-json\/wp\/v2\/users\/3"}],"replies":[{"embeddable":true,"href":"https:\/\/www.chile-reise.com\/de\/wp-json\/wp\/v2\/comments?post=6392"}],"version-history":[{"count":0,"href":"https:\/\/www.chile-reise.com\/de\/wp-json\/wp\/v2\/posts\/6392\/revisions"}],"wp:featuredmedia":[{"embeddable":true,"href":"https:\/\/www.chile-reise.com\/de\/wp-json\/wp\/v2\/media\/6395"}],"wp:attachment":[{"href":"https:\/\/www.chile-reise.com\/de\/wp-json\/wp\/v2\/media?parent=6392"}],"wp:term":[{"taxonomy":"category","embeddable":true,"href":"https:\/\/www.chile-reise.com\/de\/wp-json\/wp\/v2\/categories?post=6392"},{"taxonomy":"post_tag","embeddable":true,"href":"https:\/\/www.chile-reise.com\/de\/wp-json\/wp\/v2\/tags?post=6392"}],"curies":[{"name":"wp","href":"https:\/\/api.w.org\/{rel}","templated":true}]}}